{"id":3837,"global_id":"www.rfmlib.hu\/de?id=3837","global_id_lineage":["www.rfmlib.hu\/de?id=3837"],"author":"9","status":"publish","date":"2026-04-24 15:00:16","date_utc":"2026-04-24 13:00:16","modified":"2026-04-29 16:00:08","modified_utc":"2026-04-29 14:00:08","url":"https:\/\/www.rfmlib.hu\/de\/event\/x-konyvtari-majalis\/","rest_url":"https:\/\/www.rfmlib.hu\/de\/wp-json\/tribe\/events\/v1\/events\/3837","title":"X. K\u00f6nyvt\u00e1ri Maj\u00e1lis","description":"<p>Szabadt&eacute;ri k&ouml;nyv(t&aacute;rsas) fesztiv&aacute;l <br \/>Helysz&iacute;n: a II. R&aacute;k&oacute;czi Ferenc K&ouml;nyvt&aacute;r k&ouml;zponti &eacute;p&uuml;lete &eacute;s az el\u0151tte l&eacute;v\u0151 t&eacute;r <br \/>(Miskolc, G&ouml;rgey Art&uacute;r u. 11.)<\/p>\n<p>10.00-11.00 Kolompos mulats&aacute;g<br \/>A Kolompos egy&uuml;ttes koncertje<\/p>\n<p>10.00-13.00 Kincsvad&aacute;szat<br \/>Csal&aacute;di vet&eacute;lked\u0151 a k&ouml;nyvt&aacute;rban &eacute;s a N&eacute;pkertben<br \/>J&aacute;t&eacute;kos feladv&aacute;nyok &ndash; meglepet&eacute;s&eacute;rt<\/p>\n<p>10.00-13.00 K&eacute;zm\u0171vess&eacute;g &ndash; mesterfokon<br \/>A F&uuml;gedi M&aacute;rta N&eacute;pm\u0171v&eacute;szeti Egyes&uuml;let tagjainak<br \/>mesters&eacute;g-bemutat&oacute;ja &eacute;s j&aacute;tsz&oacute;h&aacute;za<\/p>\n<p>10.00-13.00 Az &eacute;n k&ouml;nyvem<br \/>Ismerked&eacute;s a k&ouml;nyvk&ouml;t&eacute;s alapjaival a k&ouml;nyvt&aacute;r munkat&aacute;rsainak ir&aacute;ny&iacute;t&aacute;s&aacute;val<\/p>\n<p>11.00-15.00 Borka j&aacute;tsz&oacute;park<br \/>&Uuml;gyess&eacute;gi, logikai &eacute;s k&eacute;szs&eacute;gfejleszt\u0151 j&aacute;t&eacute;kok a szabadban<br \/>0-t&oacute;l 99 &eacute;ves korig<\/p>\n<p>11.00-12.00 A Tisz&aacute;nt&uacute;li Ment\u0151kuty&aacute;s Egyes&uuml;let bemutat&oacute;ja<\/p>\n<p>12.00-13.00 J&aacute;t&eacute;kos energia <br \/>Az energiaforr&aacute;sokr&oacute;l k&ouml;nnyed&eacute;n kicsiknek &eacute;s nagyoknak<br \/>Dr. Ber&eacute;nyi L&aacute;szl&oacute; egyetemi oktat&oacute; el\u0151ad&aacute;sa<\/p>\n<p>12.00-12.15 Ki vagy te? Kalocsai t&aacute;ncok<br \/>El\u0151ad&oacute;: a F&eacute;nyi Gyula Jezsuita Gimn&aacute;zium &ndash; Szinvav&ouml;lgyi Alapfok&uacute; M\u0171v&eacute;szeti Iskola 6. oszt&aacute;lyos tanul&oacute;i<\/p>\n<p>12.20-13.00 Versr\u0151l versre; Szerkesztett j&aacute;t&eacute;k<br \/>A Fazekas Utcai &Aacute;ltal&aacute;nos Iskola &eacute;s Alapfok&uacute; M\u0171v&eacute;szeti Iskola 2. &eacute;vfolyamos sz&iacute;nj&aacute;t&eacute;k tanszakos tanul&oacute;inak m\u0171sora <\/p>\n<p>13.00-15.00 J&aacute;t&eacute;kos term&eacute;szetismereti foglalkoz&aacute;s &eacute;s j&aacute;tsz&oacute;h&aacute;z <br \/>a Magyar Mad&aacute;rtani &eacute;s Term&eacute;szetv&eacute;delmi Egyes&uuml;let munkat&aacute;rsainak vezet&eacute;s&eacute;vel<\/p>\n<p>13.00-13.20 Vid&aacute;m tavaszi dalcsokor<br \/>K&ouml;zrem\u0171k&ouml;dnek a Miskolci G&ouml;r&ouml;gkatolikus &Aacute;ltal&aacute;nos Iskola tanul&oacute;i<\/p>\n<p>13.30-14.00 Az elvar&aacute;zsolt &eacute;vszakok<br \/>K&ouml;zrem\u0171k&ouml;dnek az avasi Herman Ott&oacute; &Aacute;ltal&aacute;nos Iskola &ndash; Symphonia Program tanul&oacute;i<\/p>\n<p>14.00-14.15 &Uuml;nnepi gondolatok<br \/>El\u0151ad&oacute;: Kriszti&aacute;n Bendeg&uacute;z Andr&aacute;s, a k&ouml;nyvt&aacute;r h\u0171s&eacute;ges olvas&oacute;ja<\/p>\n<p>14.30-15.00 Vit&eacute;z L&aacute;szl&oacute; &eacute;s az el&aacute;tkozott malom <br \/>V&aacute;s&aacute;ri b&aacute;bj&aacute;t&eacute;k<br \/>El\u0151ad&oacute;: Leszkoven Levente, a H&aacute;mori Waldorf Iskola di&aacute;kja<\/p>","excerpt":"","slug":"x-konyvtari-majalis","image":{"url":"https:\/\/www.rfmlib.hu\/wp-content\/uploads\/2026\/04\/x-konyvtari-majalis.jpg","id":3838,"extension":"jpg","width":1200,"height":800,"filesize":718310,"sizes":{"medium":{"width":300,"height":200,"mime-type":"image\/jpeg","filesize":14997,"url":"https:\/\/www.rfmlib.hu\/wp-content\/uploads\/2026\/04\/x-konyvtari-majalis-300x200.jpg"},"large":{"width":1024,"height":683,"mime-type":"image\/jpeg","filesize":122217,"url":"https:\/\/www.rfmlib.hu\/wp-content\/uploads\/2026\/04\/x-konyvtari-majalis-1024x683.jpg"},"thumbnail":{"width":150,"height":150,"mime-type":"image\/jpeg","filesize":6222,"url":"https:\/\/www.rfmlib.hu\/wp-content\/uploads\/2026\/04\/x-konyvtari-majalis-150x150.jpg"},"medium_large":{"width":768,"height":512,"mime-type":"image\/jpeg","filesize":73788,"url":"https:\/\/www.rfmlib.hu\/wp-content\/uploads\/2026\/04\/x-konyvtari-majalis-768x512.jpg"},"etm-custom-language-flag":{"width":18,"height":12,"mime-type":"image\/jpeg","filesize":447,"url":"https:\/\/www.rfmlib.hu\/wp-content\/uploads\/2026\/04\/x-konyvtari-majalis-18x12.jpg"}}},"all_day":false,"start_date":"2026-05-09 10:00:00","start_date_details":{"year":"2026","month":"05","day":"09","hour":"10","minutes":"00","seconds":"00"},"end_date":"2026-05-09 15:00:00","end_date_details":{"year":"2026","month":"05","day":"09","hour":"15","minutes":"00","seconds":"00"},"utc_start_date":"2026-05-09 08:00:00","utc_start_date_details":{"year":"2026","month":"05","day":"09","hour":"08","minutes":"00","seconds":"00"},"utc_end_date":"2026-05-09 13:00:00","utc_end_date_details":{"year":"2026","month":"05","day":"09","hour":"13","minutes":"00","seconds":"00"},"timezone":"Europe\/Budapest","timezone_abbr":"CEST","cost":"","cost_details":{"currency_symbol":"","currency_code":"","currency_position":"","values":[]},"website":"","show_map":false,"show_map_link":false,"hide_from_listings":false,"sticky":false,"featured":false,"categories":[{"name":"Gyermekprogram","slug":"gyermekprogram","term_group":0,"term_taxonomy_id":20,"taxonomy":"tribe_events_cat","description":"","parent":0,"count":3,"filter":"raw","term_order":"0","id":20,"urls":{"self":"https:\/\/www.rfmlib.hu\/de\/wp-json\/tribe\/events\/v1\/categories\/20","collection":"https:\/\/www.rfmlib.hu\/de\/wp-json\/tribe\/events\/v1\/categories"}}],"tags":[],"venue":{"id":875,"status":"publish","date":"2025-07-30 12:10:52","date_utc":"2025-07-30 12:10:52","modified":"2026-04-29 16:00:11","modified_utc":"2026-04-29 14:00:11","url":"https:\/\/www.rfmlib.hu\/de\/veranstaltungsort\/ii-rakoczi-ferenc-konyvtar-gyerekkonyvtara\/","venue":"II. R\u00e1k\u00f3czi Ferenc K\u00f6nyvt\u00e1r Gyerekk\u00f6nyvt\u00e1ra","slug":"ii-rakoczi-ferenc-konyvtar-gyerekkonyvtara","address":"G\u00f6rgey Art\u00far utca 11.","city":"Miskolc","zip":"3530","json_ld":{"@type":"Place","name":"II. R\u00e1k\u00f3czi Ferenc K\u00f6nyvt\u00e1r Gyerekk\u00f6nyvt\u00e1ra","description":"","url":"","address":{"@type":"PostalAddress","streetAddress":"G\u00f6rgey Art\u00far utca 11.","addressLocality":"Miskolc","postalCode":"3530"},"telephone":"","sameAs":""},"show_map":true,"show_map_link":true,"global_id":"www.rfmlib.hu\/de?id=875","global_id_lineage":["www.rfmlib.hu\/de?id=875"]},"organizer":[{"id":2627,"author":"2","status":"publish","date":"2026-01-23 15:16:36","date_utc":"2026-01-23 13:16:36","modified":"2026-04-29 16:00:13","modified_utc":"2026-04-29 14:00:13","url":"https:\/\/www.rfmlib.hu\/de\/veranstalter\/ii-rakoczi-ferenc-konyvtar-rakoczirfmlib-hu\/","organizer":"II. R\u00e1k\u00f3czi Ferenc K\u00f6nyvt\u00e1r (rakoczi@rfmlib.hu)","slug":"ii-rakoczi-ferenc-konyvtar-rakoczirfmlib-hu","phone":"0646503120","email":"rakoczi@rfmlib.hu","json_ld":{"@type":"Person","name":"II. R\u00e1k\u00f3czi Ferenc K\u00f6nyvt\u00e1r (rakoczi@rfmlib.hu)","description":"","url":"","telephone":"0646503120","email":"&#114;&#97;&#107;&#111;c&#122;&#105;&#64;&#114;&#102;m&#108;&#105;&#98;.&#104;u","sameAs":""},"global_id":"www.rfmlib.hu\/de?id=2627","global_id_lineage":["www.rfmlib.hu\/de?id=2627"]}],"custom_fields":[],"json_ld":{"@context":"http:\/\/schema.org","@type":"Event","name":"X. K\u00f6nyvt\u00e1ri Maj\u00e1lis","description":"&lt;p&gt;Szabadt&eacute;ri k&ouml;nyv(t&aacute;rsas) fesztiv&aacute;l Helysz&iacute;n: a II. R&aacute;k&oacute;czi Ferenc K&ouml;nyvt&aacute;r k&ouml;zponti &eacute;p&uuml;lete &eacute;s az el\u0151tte l&eacute;v\u0151 t&eacute;r (Miskolc, G&ouml;rgey Art&uacute;r u. 11.)10.00-11.00 Kolompos mulats&aacute;gA Kolompos egy&uuml;ttes koncertje10.00-13.00 Kincsvad&aacute;szatCsal&aacute;di vet&eacute;lked\u0151 a k&ouml;nyvt&aacute;rban [&hellip;]&lt;\/p&gt;\\n","image":"https:\/\/www.rfmlib.hu\/wp-content\/uploads\/2026\/04\/x-konyvtari-majalis.jpg","url":"https:\/\/www.rfmlib.hu\/de\/event\/x-konyvtari-majalis\/","eventAttendanceMode":"https:\/\/schema.org\/OfflineEventAttendanceMode","eventStatus":"https:\/\/schema.org\/EventScheduled","startDate":"2026-05-09T10:00:00+02:00","endDate":"2026-05-09T15:00:00+02:00","location":{"@type":"Place","name":"II. R\u00e1k\u00f3czi Ferenc K\u00f6nyvt\u00e1r Gyerekk\u00f6nyvt\u00e1ra","description":"","url":"","address":{"@type":"PostalAddress","streetAddress":"G\u00f6rgey Art\u00far utca 11.","addressLocality":"Miskolc","postalCode":"3530"},"telephone":"","sameAs":""},"organizer":{"@type":"Person","name":"II. R\u00e1k\u00f3czi Ferenc K\u00f6nyvt\u00e1r (rakoczi@rfmlib.hu)","description":"","url":"","telephone":"0646503120","email":"&#114;&#97;&#107;o&#99;zi&#64;&#114;&#102;m&#108;&#105;b.h&#117;","sameAs":""},"performer":"Organization"}}