{"id":4048,"global_id":"www.rfmlib.hu\/en?id=4048","global_id_lineage":["www.rfmlib.hu\/en?id=4048"],"author":"9","status":"publish","date":"2026-04-28 17:00:11","date_utc":"2026-04-28 15:00:11","modified":"2026-04-29 17:00:08","modified_utc":"2026-04-29 15:00:08","url":"https:\/\/www.rfmlib.hu\/en\/event\/termeszet-oleleseben\/","rest_url":"https:\/\/www.rfmlib.hu\/en\/wp-json\/tribe\/events\/v1\/events\/4048","title":"Term\u00e9szet \u00f6lel\u00e9s\u00e9ben","description":"<p>Major L&aacute;szl&oacute;n&eacute; amat\u0151r alkot&oacute; ki&aacute;ll&iacute;t&aacute;smegnyit&oacute;ja<\/p>\n<p>Megnyitja: Szegedi Mikl&oacute;sn&eacute; fest\u0151, textilszobr&aacute;sz<\/p>\n<p>Git&aacute;ron k&ouml;zrem\u0171k&ouml;dik: Jeviczki J&aacute;zmin, a Miskolci Egressy B&eacute;ni &#8211; Erkel Ferenc Alapfok&uacute; M\u0171v&eacute;szeti Iskola tanul&oacute;ja<\/p>\n<p>Megtekinthet\u0151: j&uacute;nius 5-ig<\/p>","excerpt":"","slug":"termeszet-oleleseben","image":{"url":"https:\/\/www.rfmlib.hu\/wp-content\/uploads\/2026\/04\/termeszet-oleleseben.jpg","id":4049,"extension":"jpg","width":2048,"height":1365,"filesize":280326,"sizes":{"medium":{"width":300,"height":200,"mime-type":"image\/jpeg","filesize":15334,"url":"https:\/\/www.rfmlib.hu\/wp-content\/uploads\/2026\/04\/termeszet-oleleseben-300x200.jpg"},"large":{"width":1024,"height":683,"mime-type":"image\/jpeg","filesize":145434,"url":"https:\/\/www.rfmlib.hu\/wp-content\/uploads\/2026\/04\/termeszet-oleleseben-1024x683.jpg"},"thumbnail":{"width":150,"height":150,"mime-type":"image\/jpeg","filesize":5715,"url":"https:\/\/www.rfmlib.hu\/wp-content\/uploads\/2026\/04\/termeszet-oleleseben-150x150.jpg"},"medium_large":{"width":768,"height":512,"mime-type":"image\/jpeg","filesize":84467,"url":"https:\/\/www.rfmlib.hu\/wp-content\/uploads\/2026\/04\/termeszet-oleleseben-768x512.jpg"},"1536x1536":{"width":1536,"height":1024,"mime-type":"image\/jpeg","filesize":301048,"url":"https:\/\/www.rfmlib.hu\/wp-content\/uploads\/2026\/04\/termeszet-oleleseben-1536x1024.jpg"},"etm-custom-language-flag":{"width":18,"height":12,"mime-type":"image\/jpeg","filesize":465,"url":"https:\/\/www.rfmlib.hu\/wp-content\/uploads\/2026\/04\/termeszet-oleleseben-18x12.jpg"}}},"all_day":false,"start_date":"2026-05-13 16:00:00","start_date_details":{"year":"2026","month":"05","day":"13","hour":"16","minutes":"00","seconds":"00"},"end_date":"2026-05-13 17:00:00","end_date_details":{"year":"2026","month":"05","day":"13","hour":"17","minutes":"00","seconds":"00"},"utc_start_date":"2026-05-13 14:00:00","utc_start_date_details":{"year":"2026","month":"05","day":"13","hour":"14","minutes":"00","seconds":"00"},"utc_end_date":"2026-05-13 15:00:00","utc_end_date_details":{"year":"2026","month":"05","day":"13","hour":"15","minutes":"00","seconds":"00"},"timezone":"Europe\/Budapest","timezone_abbr":"CEST","cost":"","cost_details":{"currency_symbol":"","currency_code":"","currency_position":"","values":[]},"website":"","show_map":false,"show_map_link":false,"hide_from_listings":false,"sticky":false,"featured":false,"categories":[{"name":"Kultur\u00e1lis","slug":"kulturalis","term_group":0,"term_taxonomy_id":22,"taxonomy":"tribe_events_cat","description":"","parent":0,"count":81,"filter":"raw","term_order":"0","id":22,"urls":{"self":"https:\/\/www.rfmlib.hu\/en\/wp-json\/tribe\/events\/v1\/categories\/22","collection":"https:\/\/www.rfmlib.hu\/en\/wp-json\/tribe\/events\/v1\/categories"}}],"tags":[],"venue":{"id":779,"status":"publish","date":"2025-07-24 12:08:24","date_utc":"2025-07-24 12:08:24","modified":"2026-04-29 17:00:12","modified_utc":"2026-04-29 15:00:12","url":"https:\/\/www.rfmlib.hu\/en\/venue\/jozsef-attila-konyvtar\/","venue":"J\u00f3zsef Attila K\u00f6nyvt\u00e1r","slug":"jozsef-attila-konyvtar","address":"Szentp\u00e9teri kapu 95.","city":"Miskolc","zip":"3526","json_ld":{"@type":"Place","name":"J\u00f3zsef Attila K\u00f6nyvt\u00e1r","description":"","url":"","address":{"@type":"PostalAddress","streetAddress":"Szentp\u00e9teri kapu 95.","addressLocality":"Miskolc","postalCode":"3526"},"telephone":"","sameAs":""},"show_map":true,"show_map_link":true,"global_id":"www.rfmlib.hu\/en?id=779","global_id_lineage":["www.rfmlib.hu\/en?id=779"]},"organizer":[{"id":2628,"author":"2","status":"publish","date":"2026-01-23 15:16:36","date_utc":"2026-01-23 13:16:36","modified":"2026-04-29 17:00:12","modified_utc":"2026-04-29 15:00:12","url":"https:\/\/www.rfmlib.hu\/en\/organiser\/ii-rakoczi-ferenc-konyvtar-jozsefkvtrfmlib-hu\/","organizer":"II. R\u00e1k\u00f3czi Ferenc K\u00f6nyvt\u00e1r (jozsefkvt@rfmlib.hu)","slug":"ii-rakoczi-ferenc-konyvtar-jozsefkvtrfmlib-hu","phone":"46\/324-105","email":"jozsefkvt@rfmlib.hu","json_ld":{"@type":"Person","name":"II. R\u00e1k\u00f3czi Ferenc K\u00f6nyvt\u00e1r (jozsefkvt@rfmlib.hu)","description":"","url":"","telephone":"46\/324-105","email":"jozsefkvt&#64;&#114;&#102;&#109;&#108;i&#98;.&#104;u","sameAs":""},"global_id":"www.rfmlib.hu\/en?id=2628","global_id_lineage":["www.rfmlib.hu\/en?id=2628"]}],"custom_fields":[],"json_ld":{"@context":"http:\/\/schema.org","@type":"Event","name":"Term\u00e9szet \u00f6lel\u00e9s\u00e9ben","description":"&lt;p&gt;Major L&aacute;szl&oacute;n&eacute; amat\u0151r alkot&oacute; ki&aacute;ll&iacute;t&aacute;smegnyit&oacute;jaMegnyitja: Szegedi Mikl&oacute;sn&eacute; fest\u0151, textilszobr&aacute;szGit&aacute;ron k&ouml;zrem\u0171k&ouml;dik: Jeviczki J&aacute;zmin, a Miskolci Egressy B&eacute;ni - Erkel Ferenc Alapfok&uacute; M\u0171v&eacute;szeti Iskola tanul&oacute;jaMegtekinthet\u0151: j&uacute;nius 5-ig&lt;\/p&gt;\\n","image":"https:\/\/www.rfmlib.hu\/wp-content\/uploads\/2026\/04\/termeszet-oleleseben.jpg","url":"https:\/\/www.rfmlib.hu\/en\/event\/termeszet-oleleseben\/","eventAttendanceMode":"https:\/\/schema.org\/OfflineEventAttendanceMode","eventStatus":"https:\/\/schema.org\/EventScheduled","startDate":"2026-05-13T16:00:00+02:00","endDate":"2026-05-13T17:00:00+02:00","location":{"@type":"Place","name":"J\u00f3zsef Attila K\u00f6nyvt\u00e1r","description":"","url":"","address":{"@type":"PostalAddress","streetAddress":"Szentp\u00e9teri kapu 95.","addressLocality":"Miskolc","postalCode":"3526"},"telephone":"","sameAs":""},"organizer":{"@type":"Person","name":"II. R\u00e1k\u00f3czi Ferenc K\u00f6nyvt\u00e1r (jozsefkvt@rfmlib.hu)","description":"","url":"","telephone":"46\/324-105","email":"joz&#115;e&#102;&#107;vt&#64;rf&#109;lib.&#104;&#117;","sameAs":""},"performer":"Organization"}}